{"id":104,"date":"2016-03-21T21:44:53","date_gmt":"2016-03-21T21:44:53","guid":{"rendered":"http:\/\/aiwey.tv\/?p=104"},"modified":"2016-05-02T18:13:56","modified_gmt":"2016-05-02T18:13:56","slug":"curso-edicion-de-video","status":"publish","type":"post","link":"https:\/\/aiwey.tv\/?p=104","title":{"rendered":""},"content":{"rendered":"<p>Curso: EDICI\u00d3N de VIDEO<\/p>\n<p>Inicio: 11 de Abril<br \/>\nTallerista: Javier S\u00e1nchez &#8211; Aiwey Films<\/p>\n<p>Objetivos<\/p>\n<p>\u2013 La comprensi\u00f3n de la edici\u00f3n no lineal.<br \/>\n\u2013 Obtener bases claras sobre el trabajo de edici\u00f3n dentro de Premiere.<br \/>\n\u2013 Comprender que la edici\u00f3n de video es un proceso complejo que requiere de una preparaci\u00f3n fuerte y una gran sensibilidad creativa.<br \/>\n\u2013 Familiarizarse con la herramienta de edici\u00f3n de Adobe, configurarla y optimizar sus procesos .<br \/>\n\u2013 Definir un flujo de trabajo s\u00f3lido que le de direcci\u00f3n y sentido a cada proyecto que desarrolle: desde la preparaci\u00f3n y organizaci\u00f3n, a la edici\u00f3n y refinaci\u00f3n, el audio y los efectos , a la gesti\u00f3n de los medios de comunicaci\u00f3n y la exportaci\u00f3n.<\/p>\n<p>Nivel del Curso<br \/>\nPremiere CC 2014 1, Curso de iniciaci\u00f3n nivel b\u00e1sico a intermedio, para conocer el funcionamiento de la aplicaci\u00f3n, donde resaltaremos la importancia de una buena administraci\u00f3n de proyectos y configuraciones b\u00e1sicas.<\/p>\n<p>Desarrollo<br \/>\nFlujo de trabajo en Post producci\u00f3n\/ Espacios de trabajo e interfaz \/Proyectos y Secuencias \/ Administraci\u00f3n de archivos \/ Exportaci\u00f3n y calificaci\u00f3n \/ Montaje y linea de tiempo \/Edici\u00f3n b\u00e1sica \/ Paneles de trabajo \/ Preferencias de la aplicaci\u00f3n \/Tipos de layers dentro de Premiere \/ Herramientas de edici\u00f3n \/ Aplicaci\u00f3n de filtros y transiciones \/ Creaci\u00f3n de textos \/ Efectos \/ Exportaci\u00f3n.<\/p>\n<p>Alumnos<br \/>\nDirigido a personas con inquietudes y necesidades creativas, que vean en el video y su elaboraci\u00f3n, un medio de comunicaci\u00f3n s\u00f3lido y directo para llevar sus mensajes. Profesionales del sector que quieran actualizarse, estudiantes de la imagen y sonido, cine, televisi\u00f3n, fot\u00f3grafos, publicistas, periodistas. Este curso resultar\u00e1 especialmente \u00fatil en un tiempo en el que el v\u00eddeo est\u00e1 cobrando mucha fuerza gracias a Internet y el f\u00e1cil alcance a la tecnolog\u00eda, videoc\u00e1maras y smartphones.<\/p>\n<p>Requisitos:<br \/>\nBuena actitud, muchas ganas de aprender y compartir las posibilidades que nos ofrece Premiere.<br \/>\n\u2013 Que el alumno cuente con un ordenador con la \u00faltima versi\u00f3n de Adobe Premiere CC 2014 (corre en ambas plataformas PC y MAC). Si no cuenta con la \u00faltima versi\u00f3n puede descargar la versi\u00f3n de prueba para el curso (Versi\u00f3n de prueba de Premiere). Si no cuenta con un ordenador comunicarse con nosotros.<br \/>\n\u2013 Aud\u00edfonos<br \/>\n\u2013 Si cuenta con un disco duro externo con conexi\u00f3n usb 3 o thunderbolt (Mac) le ayudara a potencializar su flujo de trabajo (No es indispensable).<br \/>\n\u2013 Preferentemente conocimientos previos sobre fundamentos del v\u00eddeo. (No Indispensable)<br \/>\n\u2013 Se recomienda un buen manejo del sistema operativo de su computadora. (No Indispensable)<\/p>\n<p>Fechas<br \/>\nDel 11de Abril al 22 de Abril de lunes a viernes.<br \/>\n2 horas diarias en el horario de 8 am a 10 am<br \/>\no S\u00e1bados 15, 23 y 30 de Abril) 6 horas por sesi\u00f3n<\/p>\n<p>Lugar<br \/>\nSericultura 295 (casi esquina Aluminio) Col. 20 de Noviembre, Delegaci\u00f3n Venustiano Carranza.<br \/>\nCerca del Metro Eduardo Molina (linea amarilla) o Metrobus Canal del Norte.<\/p>\n<p>Cupo limitado<br \/>\nM\u00e1ximo 5 personas<\/p>\n<p>Informes e inscripciones: 55 2861 9527<br \/>\nM\u00e9xico D.F.<\/p>\n","protected":false},"excerpt":{"rendered":"<p>Curso: EDICI\u00d3N de VIDEO Inicio: 11 de Abril Tallerista: Javier S\u00e1nchez &#8211; Aiwey Films Objetivos \u2013 La comprensi\u00f3n de la<\/p>\n<p><a href=\"https:\/\/aiwey.tv\/?p=104\" class=\"more-link\">Continue reading<span class=\"screen-reader-text\"><\/span><\/a><\/p>\n","protected":false},"author":1,"featured_media":105,"comment_status":"open","ping_status":"open","sticky":false,"template":"","format":"standard","meta":{"footnotes":""},"categories":[6],"tags":[],"class_list":["post-104","post","type-post","status-publish","format-standard","has-post-thumbnail","hentry","category-curso"],"_links":{"self":[{"href":"https:\/\/aiwey.tv\/index.php?rest_route=\/wp\/v2\/posts\/104","targetHints":{"allow":["GET"]}}],"collection":[{"href":"https:\/\/aiwey.tv\/index.php?rest_route=\/wp\/v2\/posts"}],"about":[{"href":"https:\/\/aiwey.tv\/index.php?rest_route=\/wp\/v2\/types\/post"}],"author":[{"embeddable":true,"href":"https:\/\/aiwey.tv\/index.php?rest_route=\/wp\/v2\/users\/1"}],"replies":[{"embeddable":true,"href":"https:\/\/aiwey.tv\/index.php?rest_route=%2Fwp%2Fv2%2Fcomments&post=104"}],"version-history":[{"count":4,"href":"https:\/\/aiwey.tv\/index.php?rest_route=\/wp\/v2\/posts\/104\/revisions"}],"predecessor-version":[{"id":134,"href":"https:\/\/aiwey.tv\/index.php?rest_route=\/wp\/v2\/posts\/104\/revisions\/134"}],"wp:featuredmedia":[{"embeddable":true,"href":"https:\/\/aiwey.tv\/index.php?rest_route=\/wp\/v2\/media\/105"}],"wp:attachment":[{"href":"https:\/\/aiwey.tv\/index.php?rest_route=%2Fwp%2Fv2%2Fmedia&parent=104"}],"wp:term":[{"taxonomy":"category","embeddable":true,"href":"https:\/\/aiwey.tv\/index.php?rest_route=%2Fwp%2Fv2%2Fcategories&post=104"},{"taxonomy":"post_tag","embeddable":true,"href":"https:\/\/aiwey.tv\/index.php?rest_route=%2Fwp%2Fv2%2Ftags&post=104"}],"curies":[{"name":"wp","href":"https:\/\/api.w.org\/{rel}","templated":true}]}}